{"id":455,"date":"2023-02-22T15:21:00","date_gmt":"2023-02-22T14:21:00","guid":{"rendered":"https:\/\/airforestry.com\/en\/en\/?p=455"},"modified":"2025-09-17T15:22:09","modified_gmt":"2025-09-17T13:22:09","slug":"airforestry-sakrar-finansiering-pa-30-miljoner","status":"publish","type":"post","link":"https:\/\/airforestry.com\/se\/blog\/2023\/02\/22\/airforestry-sakrar-finansiering-pa-30-miljoner\/","title":{"rendered":"AirForestry s\u00e4krar finansiering p\u00e5 30 miljoner"},"content":{"rendered":"\n<p><strong>AirForestry, en innovativ akt\u00f6r inom h\u00e5llbar teknik, meddelar idag att bolaget har st\u00e4ngt en framg\u00e5ngsrik finansieringsrunda genom en konvertibel p\u00e5 30 miljoner SEK fr\u00e5n framst\u00e5ende investerare bl.a&nbsp;<\/strong><strong>Fredrik Jung Abbou, Anna Belfrage, Claudia Olsson, Karin Forseke och Peter A. J\u00f6rgensen&nbsp;<\/strong><strong>samt<\/strong>&nbsp;<strong>Alessandro Pace fr\u00e5n Cloudbreak VC.<\/strong>&nbsp;Denna framg\u00e5ngsrika finansieringsrunda i kombination med finansiering fr\u00e5n&nbsp;<strong>L\u00e4nsf\u00f6rs\u00e4kringar Uppsala<\/strong>&nbsp;och&nbsp;<strong>Vinnova<\/strong>&nbsp;bidrag s\u00e4kerst\u00e4ller att AirForestry har den n\u00f6dv\u00e4ndiga finansieringen f\u00f6r att forts\u00e4tta sin tillv\u00e4xt och utveckling.<\/p>\n\n\n\n<p>Investeringen visar p\u00e5 starkt f\u00f6rtroende f\u00f6r AirForestrys unika teknik och v\u00e4rdeerbjudande, som \u00e4r inriktad p\u00e5 att fr\u00e4mja h\u00e5llbarhet och milj\u00f6medvetenhet. Bolaget har en stark vision om att revolutionera branschen och den nya finansieringen ger AirForestry de resurser som kr\u00e4vs f\u00f6r att uppn\u00e5 dessa m\u00e5l.<\/p>\n\n\n\n<p>\u2013&nbsp;<em>Vi \u00e4r mycket tacksamma f\u00f6r det starka st\u00f6d vi har f\u00e5tt fr\u00e5n v\u00e5ra investerare,&nbsp;<\/em><strong>s\u00e4ger Olle Gelin, VD och medgrundare p\u00e5 AirForestry<\/strong><em>. Denna finansiering kommer att g\u00f6ra det m\u00f6jligt f\u00f6r oss att accelerera v\u00e5r tillv\u00e4xt och ta stora steg n\u00e4rmare v\u00e5rt m\u00e5l att g\u00f6ra en positiv skillnad i v\u00e4rlden.<\/em><\/p>\n\n\n\n<p>AirForestry har en dedikation till att fr\u00e4mja h\u00e5llbarhet och milj\u00f6medvetenhet och ser fram emot att forts\u00e4tta samarbeta med sina samarbetspartners f\u00f6r att n\u00e5 sina m\u00e5l. Bolaget har en stark position inom sin bransch och den nya finansieringen ger ytterligare m\u00f6jligheter f\u00f6r AirForestry att f\u00f6rverkliga sin vision.<\/p>\n\n\n\n<p>AirForestrys framg\u00e5ngsrika finansieringsrunda \u00e4r en milstolpe f\u00f6r bolaget och visar det starka f\u00f6rtroende som investerare har f\u00f6r AirForestrys unika teknik och aff\u00e4rsmodell. Bolaget ser fram emot att forts\u00e4tta sin tillv\u00e4xt och utveckling med st\u00f6d fr\u00e5n dessa investerare.<\/p>\n","protected":false},"excerpt":{"rendered":"<p>AirForestry, en innovativ akt\u00f6r inom h\u00e5llbar teknik, meddelar idag att bolaget har st\u00e4ngt en framg\u00e5ngsrik finansieringsrunda genom en konvertibel p\u00e5 30 miljoner SEK fr\u00e5n framst\u00e5ende investerare bl.a&nbsp;Fredrik Jung Abbou, Anna Belfrage, Claudia Olsson, Karin Forseke och Peter A. J\u00f6rgensen&nbsp;samt&nbsp;Alessandro Pace fr\u00e5n Cloudbreak VC.&nbsp;Denna framg\u00e5ngsrika finansieringsrunda i kombination med finansiering fr\u00e5n&nbsp;L\u00e4nsf\u00f6rs\u00e4kringar Uppsala&nbsp;och&nbsp;Vinnova&nbsp;bidrag s\u00e4kerst\u00e4ller att AirForestry har [&hellip;]<\/p>\n","protected":false},"author":1,"featured_media":456,"comment_status":"open","ping_status":"open","sticky":false,"template":"","format":"standard","meta":{"_acf_changed":false,"content-type":"","inline_featured_image":false,"footnotes":""},"categories":[6],"tags":[],"class_list":["post-455","post","type-post","status-publish","format-standard","has-post-thumbnail","hentry","category-press"],"acf":[],"_links":{"self":[{"href":"https:\/\/airforestry.com\/se\/wp-json\/wp\/v2\/posts\/455","targetHints":{"allow":["GET"]}}],"collection":[{"href":"https:\/\/airforestry.com\/se\/wp-json\/wp\/v2\/posts"}],"about":[{"href":"https:\/\/airforestry.com\/se\/wp-json\/wp\/v2\/types\/post"}],"author":[{"embeddable":true,"href":"https:\/\/airforestry.com\/se\/wp-json\/wp\/v2\/users\/1"}],"replies":[{"embeddable":true,"href":"https:\/\/airforestry.com\/se\/wp-json\/wp\/v2\/comments?post=455"}],"version-history":[{"count":1,"href":"https:\/\/airforestry.com\/se\/wp-json\/wp\/v2\/posts\/455\/revisions"}],"predecessor-version":[{"id":457,"href":"https:\/\/airforestry.com\/se\/wp-json\/wp\/v2\/posts\/455\/revisions\/457"}],"wp:featuredmedia":[{"embeddable":true,"href":"https:\/\/airforestry.com\/se\/wp-json\/wp\/v2\/media\/456"}],"wp:attachment":[{"href":"https:\/\/airforestry.com\/se\/wp-json\/wp\/v2\/media?parent=455"}],"wp:term":[{"taxonomy":"category","embeddable":true,"href":"https:\/\/airforestry.com\/se\/wp-json\/wp\/v2\/categories?post=455"},{"taxonomy":"post_tag","embeddable":true,"href":"https:\/\/airforestry.com\/se\/wp-json\/wp\/v2\/tags?post=455"}],"curies":[{"name":"wp","href":"https:\/\/api.w.org\/{rel}","templated":true}]}}