{"id":826,"date":"2026-04-20T13:47:01","date_gmt":"2026-04-20T11:47:01","guid":{"rendered":"https:\/\/airforestry.com\/se\/?p=826"},"modified":"2026-04-29T14:49:13","modified_gmt":"2026-04-29T12:49:13","slug":"sveaskog-och-airforestry-mojliggor-gallring-med-dronare","status":"publish","type":"post","link":"https:\/\/airforestry.com\/se\/blog\/2026\/04\/20\/sveaskog-och-airforestry-mojliggor-gallring-med-dronare\/","title":{"rendered":"Sveaskog och AirForestry m\u00f6jligg\u00f6r gallring med dr\u00f6nare"},"content":{"rendered":"\n<figure class=\"wp-block-image size-large\"><img decoding=\"async\" src=\"https:\/\/airforestry.com\/wp-content\/uploads\/sites\/2\/2026\/04\/image-683x1024.jpeg\" alt=\"\" class=\"wp-image-780\"\/><\/figure>\n\n\n\n<p><strong>Sveaskogs och AirForestrys samarbete har lett till<\/strong> <strong>flera viktiga milstolpar f\u00f6r skogsbruket. N\u00e4r det f\u00f6rsta projektet, i vilket gallring sker med hj\u00e4lp av dr\u00f6nare, nu avslutas kan tv\u00e5 tr\u00e4d i rad sk\u00f6rdas i f\u00e4lt utan att dr\u00f6naren mellanlandar.&nbsp;<\/strong><\/p>\n\n\n\n<p>2021 inledde Sveaskog och AirForestry ett samarbete med den gemensamma ambitionen att skapa f\u00f6ruts\u00e4ttningar f\u00f6r minimalt CO<sub>2<\/sub>-avtryck vid gallring och minskade k\u00f6rskador i skogen. En annan positiv effekt av gallring fr\u00e5n luften \u00e4r att tr\u00e4den som st\u00e5r kvar efter dr\u00f6nargallringen \u00e4r mer motst\u00e5ndskraftiga mot stormar, insektsangrepp och svampsjukdomar. Detta eftersom markp\u00e5verkan och skador p\u00e5 stammar och rotsystem undviks med AirForestrys system, till skillnad fr\u00e5n traditionell gallring.<\/p>\n\n\n\n<p>&#8221;Skogsbranschen genomg\u00e5r en omst\u00e4llning och att innovationer kan utvecklas och bli till startups bidrar till europeisk och svensk konkurrenskraft. Denna teknik passar bra ihop med v\u00e5r satsning p\u00e5 precisionsskogsbruk som inneb\u00e4r att vi kan f\u00e5 fram h\u00f6gkvalitativt bildmaterial fr\u00e5n luften vilket i kombination med AI skapar enorma m\u00f6jligheter f\u00f6r ett effektivt skogsbruk i framkant. Det har varit sp\u00e4nnande att vara del av AirForestrys utveckling av dr\u00f6naren och f\u00f6lja hur id\u00e9 g\u00e5tt fr\u00e5n tanke till verklighet&#8221;, s\u00e4ger Erik Brandsma, vd p\u00e5 Sveaskog.<\/p>\n\n\n\n<p>AirForestry har sedan f\u00f6retaget grundades \u00e5r 2020 utvecklat en dr\u00f6nare med ett avst\u00e5nd mellan vingspetsarna p\u00e5 6,2 meter. Dr\u00f6naren \u00e4r helt eldriven och utrustad med ett sk\u00f6rdaraggregat som tillsammans med dr\u00f6naren totalt v\u00e4ger runt 265 kg. Systemet kan lyfta ungef\u00e4r 200 kg. All h\u00e5rdvara och mjukvara har byggts och utvecklas in-house, vilket bland annat inneb\u00e4r att tekniken kan fels\u00f6kas snabbare och nya iterationer kan implementeras mer effektivt.<\/p>\n\n\n\n<p>&#8221;Sveaskog har spelat en avg\u00f6rande roll f\u00f6r AirForestrys utveckling genom att tidigt st\u00f6tta som kund och partner. F\u00f6r Europa och Sveriges konkurrenskraft s\u00e5 \u00e4r ett n\u00e4ra samarbete mellan startups och storbolag centralt. Det h\u00e4r samarbetet mellan en innovation f\u00f6r en ny typ av skogsbruk och en av Europas st\u00f6rsta skogs\u00e4gare \u00e4r ett fint exempel p\u00e5 hur vi effektivt bygger framtidens l\u00f6sningar f\u00f6r skogen och Europa tillsammans&#8221;, s\u00e4ger Caroline Walerud, vd och grundare p\u00e5 AirForestry.<\/p>\n\n\n\n<p>Under projektets g\u00e5ng har tekniken bevisats fungera genom att flera tekniska milstolpar uppn\u00e5tts, senast genom att sk\u00f6rda tv\u00e5 tr\u00e4d i sekvens i f\u00e4lt. I praktiken inneb\u00e4r det att dr\u00f6naren sk\u00f6rdar ett tr\u00e4d, l\u00e4gger av tr\u00e4det och g\u00e5r direkt p\u00e5 n\u00e4sta tr\u00e4d f\u00f6r att upprepa proceduren utan att landa d\u00e4remellan.&nbsp;<\/p>\n\n\n\n<p>Under 2023 ingick Sveaskog och AirForestry ett off-take-avtal med m\u00e5let att Sveaskog ska gallra med AirForestrys dr\u00f6nare under sju \u00e5rs tid, fr\u00e5n 2028 till 2035.<\/p>\n","protected":false},"excerpt":{"rendered":"<p>Sveaskogs och AirForestrys samarbete har lett till flera viktiga milstolpar f\u00f6r skogsbruket. N\u00e4r det f\u00f6rsta projektet, i vilket gallring sker med hj\u00e4lp av dr\u00f6nare, nu avslutas kan tv\u00e5 tr\u00e4d i rad sk\u00f6rdas i f\u00e4lt utan att dr\u00f6naren mellanlandar.&nbsp; 2021 inledde Sveaskog och AirForestry ett samarbete med den gemensamma ambitionen att skapa f\u00f6ruts\u00e4ttningar f\u00f6r minimalt CO2-avtryck [&hellip;]<\/p>\n","protected":false},"author":3,"featured_media":840,"comment_status":"open","ping_status":"open","sticky":false,"template":"","format":"standard","meta":{"_acf_changed":false,"content-type":"","inline_featured_image":false,"footnotes":""},"categories":[19],"tags":[],"class_list":["post-826","post","type-post","status-publish","format-standard","has-post-thumbnail","hentry","category-pressmeddelande"],"acf":[],"_links":{"self":[{"href":"https:\/\/airforestry.com\/se\/wp-json\/wp\/v2\/posts\/826","targetHints":{"allow":["GET"]}}],"collection":[{"href":"https:\/\/airforestry.com\/se\/wp-json\/wp\/v2\/posts"}],"about":[{"href":"https:\/\/airforestry.com\/se\/wp-json\/wp\/v2\/types\/post"}],"author":[{"embeddable":true,"href":"https:\/\/airforestry.com\/se\/wp-json\/wp\/v2\/users\/3"}],"replies":[{"embeddable":true,"href":"https:\/\/airforestry.com\/se\/wp-json\/wp\/v2\/comments?post=826"}],"version-history":[{"count":3,"href":"https:\/\/airforestry.com\/se\/wp-json\/wp\/v2\/posts\/826\/revisions"}],"predecessor-version":[{"id":841,"href":"https:\/\/airforestry.com\/se\/wp-json\/wp\/v2\/posts\/826\/revisions\/841"}],"wp:featuredmedia":[{"embeddable":true,"href":"https:\/\/airforestry.com\/se\/wp-json\/wp\/v2\/media\/840"}],"wp:attachment":[{"href":"https:\/\/airforestry.com\/se\/wp-json\/wp\/v2\/media?parent=826"}],"wp:term":[{"taxonomy":"category","embeddable":true,"href":"https:\/\/airforestry.com\/se\/wp-json\/wp\/v2\/categories?post=826"},{"taxonomy":"post_tag","embeddable":true,"href":"https:\/\/airforestry.com\/se\/wp-json\/wp\/v2\/tags?post=826"}],"curies":[{"name":"wp","href":"https:\/\/api.w.org\/{rel}","templated":true}]}}